{"dados":[{"titulo":"Parecer do Tribunal de 2023","dataAtualizacao":"2026-03-19 13:34:33","data":null,"categoria":"Parecer Do Tribunal de Contas","descricao":""},{"titulo":"Rela\u00e7\u00e3o de Cargos e Sal\u00e1rios 2025","dataAtualizacao":"2026-03-19 08:24:08","data":null,"categoria":"Rela\u00e7\u00e3o de Cargos e Sal\u00e1rios","descricao":""}]}